{"id":19,"date":"2019-05-08T12:22:07","date_gmt":"2019-05-08T10:22:07","guid":{"rendered":"https:\/\/news.dvara.dhamma.org\/?post_type=newsletter_post&#038;p=19"},"modified":"2019-05-10T16:31:40","modified_gmt":"2019-05-10T14:31:40","slug":"tage-der-offenen-tuer-am-2-juni-in-dhamma-dvara-deutschland-9-juni-in-dhamma-pajjota-belgien","status":"publish","type":"newsletter_post","link":"https:\/\/news.dvara.dhamma.org\/index.php\/newsletter_post\/tage-der-offenen-tuer-am-2-juni-in-dhamma-dvara-deutschland-9-juni-in-dhamma-pajjota-belgien\/","title":{"rendered":"Tage der offenen T\u00fcr"},"content":{"rendered":"\n<p><strong>&#8211; 2. Juni in Dhamma Dvara\/Deutschland <\/strong><\/p>\n\n\n\n<p><strong>&#8211; 9. Juni in Dhamma Pajjota\/Belgien<\/strong><\/p>\n\n\n\n<p>\nAm Tag der offenen T\u00fcr haben Sie die M\u00f6glichkeit, sich die\nUnterk\u00fcnfte, Speises\u00e4le und die Meditationshalle anzusehen und\ndabei die Ruhe der Natur zu genie\u00dfen, von der die Zentren umgeben\nsind. Sie k\u00f6nnen andere Meditierende und Lehrer kennenlernen und bei\neinem Spaziergang oder Kaffee sowie selbstgebackenen Kuchen Fragen\nstellen und Erfahrungen austauschen. Es werden verschiedene\nDokumentarfilme \u00fcber Vipassana-Meditation in der Tradition von S. N.\nGoenka gezeigt und F\u00fchrungen organisiert. Es gibt auch ein Angebot\nf\u00fcr Kinder. F\u00fcr den Empfang der G\u00e4ste sorgt ein Team aus\ninternationalen Meditierenden, die die Organisation des\nVipassana-Meditationszentrums allein auf Basis von Freiwilligenarbeit\nund Spenden m\u00f6glich machen. \n<\/p>\n\n\n\n<figure class=\"wp-block-image\"><img loading=\"lazy\" decoding=\"async\" width=\"1024\" height=\"683\" src=\"https:\/\/news.dvara.dhamma.org\/wp-content\/uploads\/2019\/05\/tdot2-1024x683.jpg\" alt=\"\" class=\"wp-image-36\" srcset=\"https:\/\/news.dvara.dhamma.org\/wp-content\/uploads\/2019\/05\/tdot2-1024x683.jpg 1024w, https:\/\/news.dvara.dhamma.org\/wp-content\/uploads\/2019\/05\/tdot2-300x200.jpg 300w, https:\/\/news.dvara.dhamma.org\/wp-content\/uploads\/2019\/05\/tdot2-768x512.jpg 768w\" sizes=\"auto, (max-width: 1024px) 100vw, 1024px\" \/><\/figure>\n\n\n\n<p>\nDas Vipassana Meditationszentrum Dhamma Pajjota befindet sich in\nDilsen-Stokkem in Belgien und liegt direkt an der Grenze zu\nDeutschland und den Niederlanden. Aachen ist ungef\u00e4hr 50 km\nentfernt, D\u00fcsseldorf knapp 100 km. Dank der guten Erreichbarkeit und\ndem regelm\u00e4\u00dfigen Kursangebot in deutscher Sprache wird das Zentrum\nvon zahlreichen Meditierenden aus Deutschland aufgesucht. \n<\/p>\n\n\n\n<figure class=\"wp-block-image\"><img loading=\"lazy\" decoding=\"async\" width=\"1024\" height=\"683\" src=\"https:\/\/news.dvara.dhamma.org\/wp-content\/uploads\/2019\/05\/tdot3-1024x683.jpg\" alt=\"\" class=\"wp-image-20\" srcset=\"https:\/\/news.dvara.dhamma.org\/wp-content\/uploads\/2019\/05\/tdot3-1024x683.jpg 1024w, https:\/\/news.dvara.dhamma.org\/wp-content\/uploads\/2019\/05\/tdot3-300x200.jpg 300w, https:\/\/news.dvara.dhamma.org\/wp-content\/uploads\/2019\/05\/tdot3-768x512.jpg 768w, https:\/\/news.dvara.dhamma.org\/wp-content\/uploads\/2019\/05\/tdot3.jpg 1405w\" sizes=\"auto, (max-width: 1024px) 100vw, 1024px\" \/><figcaption><em>Im Gespr\u00e4ch mit Vipassana Lehrern. Im Hintergrund die Dhamma Halle von Dhamma Pajjota mit Lehrerresidenz auf der linken Seite.<\/em><\/figcaption><\/figure>\n","protected":false},"featured_media":24,"template":"","class_list":["post-19","newsletter_post","type-newsletter_post","status-publish","has-post-thumbnail","hentry"],"_links":{"self":[{"href":"https:\/\/news.dvara.dhamma.org\/index.php\/wp-json\/wp\/v2\/newsletter_post\/19","targetHints":{"allow":["GET"]}}],"collection":[{"href":"https:\/\/news.dvara.dhamma.org\/index.php\/wp-json\/wp\/v2\/newsletter_post"}],"about":[{"href":"https:\/\/news.dvara.dhamma.org\/index.php\/wp-json\/wp\/v2\/types\/newsletter_post"}],"wp:featuredmedia":[{"embeddable":true,"href":"https:\/\/news.dvara.dhamma.org\/index.php\/wp-json\/wp\/v2\/media\/24"}],"wp:attachment":[{"href":"https:\/\/news.dvara.dhamma.org\/index.php\/wp-json\/wp\/v2\/media?parent=19"}],"curies":[{"name":"wp","href":"https:\/\/api.w.org\/{rel}","templated":true}]}}