{"id":33,"date":"2019-05-10T12:13:50","date_gmt":"2019-05-10T10:13:50","guid":{"rendered":"https:\/\/news.dvara.dhamma.org\/?post_type=newsletter_post&#038;p=33"},"modified":"2019-05-10T16:39:19","modified_gmt":"2019-05-10T14:39:19","slug":"vorstellung-oeffentlichkeitsarbeits-komitee","status":"publish","type":"newsletter_post","link":"https:\/\/news.dvara.dhamma.org\/index.php\/newsletter_post\/vorstellung-oeffentlichkeitsarbeits-komitee\/","title":{"rendered":"Vorstellung \u00d6ffentlichkeitsarbeits Komitee"},"content":{"rendered":"\n<p>\n<strong>1. Anna, was macht das Komitee f\u00fcr \u00d6ffentlichkeitsarbeit?<\/strong><\/p>\n\n\n\n<p>Wie der\nName schon sagt, sind wir f\u00fcr die Kommunikation innerhalb und\nau\u00dferhalb des Vereins verantwortlich. Innerhalb sind das dieser\nNewsletter und die Webseite, die ja einen Bereich f\u00fcr alle hat und\nauch einen f\u00fcr &#8222;old students&#8220;, in dem es dann noch viel\nmehr Informationen rund um unser Vipassana-Zentrum gibt. Die\n\u00d6ffentlichkeitsarbeit au\u00dferhalb des Zentrums betrifft vor allem den\netwa alle zwei Jahre stattfindenden Tag der offenen T\u00fcr, aber auch\nFlyer \u00fcber die Vipassana-Meditation, Kinderkurse und\nBekanntmachungen der Ausbauaktivit\u00e4ten. Fr\u00fcher haben wir zus\u00e4tzlich\nnoch Filmvorf\u00fchrungen an Unis gemacht oder haben an Veranstaltungen\nteilgenommen, wie z.B. den Gesundheitstagen im Vogtland. \n<\/p>\n\n\n\n<p><strong>2.\nWas macht das Komitee f\u00fcr den Tag der offenen T\u00fcr am 2. Juni? <\/strong>\n<\/p>\n\n\n\n<p>Neben\nder reinen Organisation, wie diverse Kuchen backen, F\u00fchrungen \u00fcber\ndas Gel\u00e4nde organisieren und \u00fcber die Vipassana-Meditation zu\ninformieren, geht es darum, diesen Tag in der Region bekannt zu\nmachen. Wir laden B\u00fcrgermeister oder auch Handwerksfirmen pers\u00f6nlich\nein und schalten dazu einige Anzeigen in der Presse. Das alles dient\ndazu, den Menschen in der Region zu zeigen, was bei uns im Zentrum\ngemacht wird. Unsere Erfahrung ist, dass dieser Tag sehr gut\nangenommen wird. Viele Menschen sind interessiert an\nVipassana-Meditation und manche sind auch einfach neugierig, wie das\nZentrum so von innen aussieht und wie es immer weiter w\u00e4chst. Es ist\nnat\u00fcrlich auch eine gute Gelegenheit f\u00fcr Meditierende, ihren\nFamilien und Freunden das Meditationszentrum zu zeigen.<\/p>\n\n\n\n<p><strong>3.\nBraucht ihr noch Hilfe f\u00fcr diesen Tag?<\/strong><\/p>\n\n\n\n<p>Ja,\njede Hilfe beim Aufbau der Sitzgelegenheiten auf dem Kastanienhof und\nvor allem beim gro\u00dfen Kuchenbacken, welches schon ein bis zwei Tage\nvorher beginnt, ist willkommen. Da der Tag direkt nach dem\nVereinstreffen und vor einer mehrt\u00e4gigen Serviceperiode liegt, ist\nes eine gute Gelegenheit, Dhamma-Service au\u00dferhalb eines Kurses zu\ngeben. \n<\/p>\n\n\n\n<p><strong>4.\nWas besch\u00e4ftigt euch neben dem &#8222;Tag der offenen T\u00fcr&#8220; z.Z.\nnoch?<\/strong><\/p>\n\n\n\n<p>Ein\nkleines Team ist gerade dabei, die Webseite zu \u00fcberarbeiten.\nBesonders die Seite mit den Gruppensitzungen und Tageskursen in ganz\nDeutschland ist bereits \u00fcbersichtlicher. Im vergangenen Jahr haben\nwir uns nat\u00fcrlich auch mit dem Datenschutz besch\u00e4ftigt. Auch hier\nhaben wir die Webseite und die Verteilerliste angepasst. Des Weiteren\nhaben wir eine Brosch\u00fcre \u00fcber Gef\u00e4ngniskurse vom Englischen ins\nDeutsche \u00fcbersetzt, die Interessierte jetzt in Dhamma Dvara und auch\nauf der Homepage bekommen k\u00f6nnen. \n<\/p>\n\n\n\n<p>Und\ndann planen wir einen Film \u00fcber die Geschichte von Vipassana in\nDeutschland. Wir wollen unsere Meditationslehrer, die Goenkaji\npers\u00f6nlich kennengelernt haben, nach ihren Erlebnissen fragen.\nAu\u00dferdem wollen wir den Weg von sehr wenigen Meditierenden in\nDeutschland bis hin zu so einem gro\u00dfen Zentrum mit immer\nausgebuchten Kursen, wie wir es jetzt haben, zeigen. Ohne diese\nMeditierenden der ersten Stunde, die \u00fcberaus engagiert waren und\nsind, w\u00fcrde es das Zentrum nicht geben. Wir wollen mit ihnen\nInterviews aufzeichnen. \n<\/p>\n\n\n\n<p><strong>5.\nWie kann man sich bei euch einbringen?<\/strong><\/p>\n\n\n\n<p>Aktuell suchen wir jemanden, der dabei hilft den alle zwei Monate erscheinenden Newsletter zu layouten und zu versenden und damit unser Newsletterteam unterst\u00fctzt. Und dann freuen wir uns immer \u00fcber Fotografen, Grafiker, Journalisten und alle Interessierten, die sich vorstellen k\u00f6nnen, eine zeitlich begrenzte Aufgabe f\u00fcr die \u00d6ffentlichkeitsarbeit in Dhamma Dvara zu \u00fcbernehmen. <\/p>\n\n\n\n<p>Interessenten k\u00f6nnen gerne an <a href=\"mailto:oeffentlichkeitsarbeit@dvara.dhamma.org\">oeffentlichkeitsarbeit@dvara.dhamma.org<\/a> schreiben und sich vorstellen.<\/p>\n","protected":false},"featured_media":0,"template":"","class_list":["post-33","newsletter_post","type-newsletter_post","status-publish","hentry"],"_links":{"self":[{"href":"https:\/\/news.dvara.dhamma.org\/index.php\/wp-json\/wp\/v2\/newsletter_post\/33","targetHints":{"allow":["GET"]}}],"collection":[{"href":"https:\/\/news.dvara.dhamma.org\/index.php\/wp-json\/wp\/v2\/newsletter_post"}],"about":[{"href":"https:\/\/news.dvara.dhamma.org\/index.php\/wp-json\/wp\/v2\/types\/newsletter_post"}],"wp:attachment":[{"href":"https:\/\/news.dvara.dhamma.org\/index.php\/wp-json\/wp\/v2\/media?parent=33"}],"curies":[{"name":"wp","href":"https:\/\/api.w.org\/{rel}","templated":true}]}}